{"id":549,"date":"2010-01-14T15:56:54","date_gmt":"2010-01-14T14:56:54","guid":{"rendered":"http:\/\/www.scratch-productions.de\/?p=549"},"modified":"2013-07-04T17:59:44","modified_gmt":"2013-07-04T16:59:44","slug":"ne2782-und-ne2821-aus-der-neo-serie-jetzt-auch-mit-intel-atom","status":"publish","type":"post","link":"https:\/\/www.scratch-productions.de\/?p=549","title":{"rendered":"NE2782 und NE2821 aus der NEO-Serie jetzt auch mit Intel Atom!"},"content":{"rendered":"<p>Um die Kundennachfrage nach Systemen mit\u00a0Atom CPU\u00a0erf\u00fcllen zu k\u00f6nnen, hat Lexcom nun \u00a0zwei weitere Embedded Systeme der\u00a0NEO-Serie eingef\u00fchrt. \u00a0Die neuen Embedded PCs\u00a0<strong><strong>NE2782<\/strong><\/strong>und\u00a0<strong><strong>NE2821<\/strong><\/strong>basieren auf dem Mainboard CI270C bzw. \u00a0MI270C. Als Chipsatz befindet sich auf den Mainboards ein\u00a0<a href=\"http:\/\/www.intel.com\/design\/chipsets\/embedded\/945gse\/\">Intel 945GSE <\/a>mit dem GMA950 VGA Grafikcontroller. NE2782 hat standardm\u00e4\u00dfig 1GB DDR2 Arbeitsspeicher onboard, der NE2821 kann auf maximal 2GB DDR2 Arbeitsspeicher SODIMM Socket aufger\u00fcstet werden.<\/p>\n<p>Neben den Videoschnittstellen\u00a0<a href=\"http:\/\/de.wikipedia.org\/wiki\/Digital_Visual_Interface\"><span style=\"color: #000000;\">DVI<\/span><\/a> und\u00a0<a href=\"http:\/\/de.wikipedia.org\/wiki\/VGA_%28Anschluss%29\"><span style=\"color: #000000;\">VGA<\/span><\/a> bietet NE2782 vier USB 2.0 Ports, 4x RS232, Audio-Out, Mic-In und SATA. NE2821 verf\u00fcgt zus\u00e4tzlich \u00fcber S-Video-Out und Video-In. Zur Verf\u00fcgung stehen weiterhin zwei Realtek Gigabit Schnittstellen.<\/p>\n<p>Dank dem stromsparenden Intel Atom N270 1.6GHz Prozessor ist das\u00a0neue Design des Geh\u00e4use komplett ohne L\u00fcftungsschlitze und damit staubgesch\u00fctzt. Demnach sind beide Systeme\u00a0weiteren Einsatzm\u00f6glichkeiten in einer staubigen Umgebung gewachsen.<br \/>\nDas Geh\u00e4use der NEO-Serie bietet Platz f\u00fcr eine\u00a02.5&#8243; Festplatte SATA, au\u00dferdem steht ein\u00a0Compact Flash Socket zur Verf\u00fcgung.<\/p>\n<p><strong>NE2782 &amp; NE2821<\/strong><\/p>\n<p><strong><img decoding=\"async\" alt=\"\" src=\"http:\/\/ipc2u.de\/files\/ipc2U\/news-2\/NE2782_gross.jpg\" \/><\/strong><\/p>\n<p><span style=\"font-size: xx-small;\"><em>Abb. NE2782 &amp; NE2821<\/em><\/span><\/p>\n<p>&nbsp;<\/p>\n<p><strong>Eigenschaften NE2782:<\/strong><\/p>\n<ul>\n<li>CI270C<\/li>\n<li>Intel Atom N270 1.6GHz Prozessor<\/li>\n<li><a href=\"http:\/\/www.intel.com\/design\/chipsets\/embedded\/945gse\/\"><span style=\"color: #000000;\">Intel 945GSE<\/span><\/a>Chipset<\/li>\n<li>1GB DDR2 RAM onboard, auf 2GB erweiterbar<\/li>\n<li>2x Gbit LAN, 4x USB, 4x RS232<\/li>\n<li>DVI, VGA, Audio-Out, Mic-In, SATA<\/li>\n<li>2.5&#8243; DDD Drive Bay, Compact Flash Socket<\/li>\n<li>Komplett ohne L\u00fcftungsschlitze und l\u00fcfterlos<\/li>\n<\/ul>\n<p><strong>Eigenschaften NE2821<\/strong><\/p>\n<ul>\n<li>MI270C<\/li>\n<li>Intel Atom N270 1.6GHz Prozessor<\/li>\n<li><span style=\"color: #000000;\">Intel 945GSE<\/span>Chipset<\/li>\n<li>1GB DDR2 RAM onboard, auf 2GB erweiterbar<\/li>\n<li>2x Gbit LAN, 4x USB, 4x RS232,<\/li>\n<li>DVI, VGA, Audio-Out, Mic-In, SATA, S-Video, Video-In<\/li>\n<li>2.5&#8243; DDD Drive Bay, Compact Flash Socket<\/li>\n<li>Komplett ohne L\u00fcftungsschlitze und l\u00fcfterlos<\/li>\n<\/ul>\n<p><strong><strong>Weitere Informationen gibt es bei dem Industrie PC Anbieter Ihres Vertrauens, ganz sicher aber z.B.\u00a0<a title=\"Lexcom Homepage\" href=\"http:\/\/www.lex.com.tw\/\" target=\"_blank\">hier<\/a> oder\u00a0<a title=\"Distributor Homepage\" href=\"http:\/\/www.kacer.com\/product\/Fanless%20Solutions\/Fanless.htm\" target=\"_blank\">hier.<\/a><\/strong><\/strong><\/p>\n","protected":false},"excerpt":{"rendered":"<p>Um die Kundennachfrage nach Systemen mit\u00a0Atom CPU\u00a0erf\u00fcllen zu k\u00f6nnen, hat Lexcom nun \u00a0zwei weitere Embedded Systeme der\u00a0NEO-Serie eingef\u00fchrt. \u00a0Die neuen Embedded PCs\u00a0NE2782und\u00a0NE2821basieren auf dem Mainboard CI270C bzw. \u00a0MI270C. Als Chipsatz befindet sich auf den Mainboards ein\u00a0Intel 945GSE mit dem GMA950 VGA Grafikcontroller. NE2782 hat standardm\u00e4\u00dfig 1GB DDR2 Arbeitsspeicher onboard, der NE2821 kann auf maximal 2GB&hellip; <a class=\"more-link\" href=\"https:\/\/www.scratch-productions.de\/?p=549\"><span class=\"screen-reader-text\">NE2782 und NE2821 aus der NEO-Serie jetzt auch mit Intel Atom!<\/span> weiterlesen<\/a><\/p>\n","protected":false},"author":1,"featured_media":0,"comment_status":"open","ping_status":"open","sticky":false,"template":"","format":"standard","meta":{"footnotes":""},"categories":[14,24,27,36],"tags":[],"class_list":["post-549","post","type-post","status-publish","format-standard","hentry","category-atom","category-embedded","category-fanless","category-lufterlos","entry"],"_links":{"self":[{"href":"https:\/\/www.scratch-productions.de\/index.php?rest_route=\/wp\/v2\/posts\/549","targetHints":{"allow":["GET"]}}],"collection":[{"href":"https:\/\/www.scratch-productions.de\/index.php?rest_route=\/wp\/v2\/posts"}],"about":[{"href":"https:\/\/www.scratch-productions.de\/index.php?rest_route=\/wp\/v2\/types\/post"}],"author":[{"embeddable":true,"href":"https:\/\/www.scratch-productions.de\/index.php?rest_route=\/wp\/v2\/users\/1"}],"replies":[{"embeddable":true,"href":"https:\/\/www.scratch-productions.de\/index.php?rest_route=%2Fwp%2Fv2%2Fcomments&post=549"}],"version-history":[{"count":4,"href":"https:\/\/www.scratch-productions.de\/index.php?rest_route=\/wp\/v2\/posts\/549\/revisions"}],"predecessor-version":[{"id":1313,"href":"https:\/\/www.scratch-productions.de\/index.php?rest_route=\/wp\/v2\/posts\/549\/revisions\/1313"}],"wp:attachment":[{"href":"https:\/\/www.scratch-productions.de\/index.php?rest_route=%2Fwp%2Fv2%2Fmedia&parent=549"}],"wp:term":[{"taxonomy":"category","embeddable":true,"href":"https:\/\/www.scratch-productions.de\/index.php?rest_route=%2Fwp%2Fv2%2Fcategories&post=549"},{"taxonomy":"post_tag","embeddable":true,"href":"https:\/\/www.scratch-productions.de\/index.php?rest_route=%2Fwp%2Fv2%2Ftags&post=549"}],"curies":[{"name":"wp","href":"https:\/\/api.w.org\/{rel}","templated":true}]}}